{"id":699,"date":"2014-06-13T10:33:46","date_gmt":"2014-06-13T08:33:46","guid":{"rendered":"https:\/\/carrentalprague.cz\/?p=699"},"modified":"2015-10-30T17:53:37","modified_gmt":"2015-10-30T16:53:37","slug":"autopujcovna-je-pripravena-na-hlavni-sezonu-vsechny-vozy-jsou-prezute-na-letni-pneumatiky-a-prosly-servisni-kontrolou-vozovy-park-take-stale-doplnujeme-o-nove-vozy","status":"publish","type":"post","link":"https:\/\/carrentalprague.cz\/cs\/autopujcovna-je-pripravena-na-hlavni-sezonu-vsechny-vozy-jsou-prezute-na-letni-pneumatiky-a-prosly-servisni-kontrolou-vozovy-park-take-stale-doplnujeme-o-nove-vozy\/","title":{"rendered":"Autop\u016fj\u010dovna je p\u0159ipravena na hlavn\u00ed sezonu. V\u0161echny vozy jsou p\u0159ezut\u00e9 na letn\u00ed pneumatiky a pro\u0161ly servisn\u00ed kontrolou. Vozov\u00fd park tak\u00e9 st\u00e1le dopl\u0148ujeme o nov\u00e9 vozy."},"content":{"rendered":"<h2>Autop\u016fj\u010dovna je p\u0159ipravena na hlavn\u00ed sezonu. V\u0161echny vozy jsou p\u0159ezut\u00e9 na letn\u00ed pneumatiky a pro\u0161ly servisn\u00ed kontrolou.  https:\/\/carrentalprague.cz\/autopujcovna-je-pripravena-na-hlavni-sezonu-vsechny-vozy-jsou-prezute-na-letni-pneumatiky-a-prosly-servisni-kontrolou-vozovy-park-take-stale-doplnujeme-o-nove-vozy\/ https:\/\/carrentalprague.cz\/autopujcovna-je-pripravena-na-hlavni-sezonu-vsechny-vozy-jsou-prezute-na-letni-pneumatiky-a-prosly-servisni-kontrolou-vozovy-park-take-stale-doplnujeme-o-nove-vozy\/ https:\/\/carrentalprague.cz\/autopujcovna-je-pripravena-na-hlavni-sezonu-vsechny-vozy-jsou-prezute-na-letni-pneumatiky-a-prosly-servisni-kontrolou-vozovy-park-take-stale-doplnujeme-o-nove-vozy\/Vozov\u00fd park tak\u00e9 st\u00e1le dopl\u0148ujeme o nov\u00e9 vozy.<\/h2>\n<p>ASAP u\u017e m\u00e1 p\u0159ezuto<\/p>\n<p>Pr\u016fm\u011brn\u00e9 denn\u00ed teploty se u n\u00e1s ji\u017e del\u0161\u00ed dobu pohybuj\u00ed nad 7 stup\u0148\u016f C, tedy nad doporu\u010denou teplotu pro pou\u017eit\u00ed zimn\u00edch pneumatik.\u00a0 Ze z\u00e1kona v\u0161ak bylo <strong>zimn\u00ed obut\u00ed<\/strong> automobil\u016f <strong>povinn\u00e9 a\u017e do 31. b\u0159ezna<\/strong> na velk\u00e9 \u010d\u00e1sti d\u00e1lnice D1 a dle nov\u00e9 vyhl\u00e1\u0161ky Ministerstva dopravy dokonce do <strong>21. dubna<\/strong> na \u00fasec\u00edch ve vy\u0161\u0161\u00edch poloh\u00e1ch osazen\u00fdch dopravn\u00ed zna\u010dkou Zimn\u00ed v\u00fdbava. Po tomto datu se mohl i ASAP Rent a car pustit do <strong>p\u0159ezouv\u00e1n\u00ed sv\u00fdch voz\u016f ze zimn\u00edch na letn\u00ed pneumatiky<\/strong> t\u011bch nejkvalitn\u011bj\u0161\u00edch zna\u010dek. Sou\u010dasn\u011b s p\u0159ezut\u00edm pneumatik do\u0161lo i k vyv\u00e1\u017een\u00ed kol, ke kontrole technick\u00e9ho stavu vozidel a k dopln\u011bn\u00ed provozn\u00edch kapalin.<\/p>\n<p>Nyn\u00ed jsou tedy v\u0161echny vozy kompletn\u011b p\u0159ipraveny na letn\u00ed sez\u00f3nu. Zb\u00fdv\u00e1 si jen rezervovat navigaci a nosi\u010d na kola, pak m\u016f\u017ee Va\u0161e prvn\u00ed dovolen\u00e1 s <a href=\"https:\/\/carrentalprague.cz\/rezervace\/\">ASAP Rent car<\/a> za\u010d\u00edt.<\/p>\n<p><strong><span style=\"text-decoration: underline;\">V\u00fdhody u\u017eit\u00ed letn\u00edch pneumatik oproti zimn\u00edm v letn\u00edm obdob\u00ed:<br \/>\n<\/span><\/strong>&#8211;\u00a0V\u016fz je stabiln\u011bj\u0161\u00ed a brzdn\u00e1 dr\u00e1ha krat\u0161\u00ed.<br \/>\n&#8211;\u00a0N\u00e1klady na pohonn\u00e9 hmoty jsou ni\u017e\u0161\u00ed.<br \/>\n&#8211;\u00a0Ve vy\u0161\u0161\u00ed rychlosti je j\u00edzda ti\u0161\u0161\u00ed.<br \/>\nTo v\u0161e d\u00edky men\u0161\u00edmu po\u010dtu lamel ve vzoru pneumatik a slo\u017een\u00ed v\u00fdrobn\u00edch sm\u011bs\u00ed, kter\u00e9 zaji\u0161\u0165uj\u00ed spr\u00e1vnou tvrdost pneumatik i p\u0159i vy\u0161\u0161\u00edch teplot\u00e1ch.<\/p>\n","protected":false},"excerpt":{"rendered":"<p>Autop\u016fj\u010dovna je p\u0159ipravena na hlavn\u00ed sezonu. V\u0161echny vozy jsou p\u0159ezut\u00e9 na letn\u00ed pneumatiky a pro\u0161ly servisn\u00ed kontrolou. https:\/\/carrentalprague.cz\/autopujcovna-je-pripravena-na-hlavni-sezonu-vsechny-vozy-jsou-prezute-na-letni-pneumatiky-a-prosly-servisni-kontrolou-vozovy-park-take-stale-doplnujeme-o-nove-vozy\/ https:\/\/carrentalprague.cz\/autopujcovna-je-pripravena-na-hlavni-sezonu-vsechny-vozy-jsou-prezute-na-letni-pneumatiky-a-prosly-servisni-kontrolou-vozovy-park-take-stale-doplnujeme-o-nove-vozy\/ https:\/\/carrentalprague.cz\/autopujcovna-je-pripravena-na-hlavni-sezonu-vsechny-vozy-jsou-prezute-na-letni-pneumatiky-a-prosly-servisni-kontrolou-vozovy-park-take-stale-doplnujeme-o-nove-vozy\/Vozov\u00fd park tak\u00e9 st\u00e1le dopl\u0148ujeme o nov\u00e9 vozy. ASAP u\u017e m\u00e1 p\u0159ezuto Pr\u016fm\u011brn\u00e9 denn\u00ed teploty se u n\u00e1s ji\u017e del\u0161\u00ed dobu pohybuj\u00ed nad 7 stup\u0148\u016f C, tedy nad doporu\u010denou teplotu pro pou\u017eit\u00ed zimn\u00edch pneumatik.\u00a0 Ze z\u00e1kona [&hellip;]<\/p>\n","protected":false},"author":1,"featured_media":0,"comment_status":"closed","ping_status":"closed","sticky":false,"template":"","format":"standard","meta":{"_et_pb_use_builder":"","_et_pb_old_content":"","_et_gb_content_width":"","footnotes":""},"categories":[1],"tags":[],"class_list":["post-699","post","type-post","status-publish","format-standard","hentry","category-nezarazene"],"aioseo_notices":[],"_links":{"self":[{"href":"https:\/\/carrentalprague.cz\/cs\/wp-json\/wp\/v2\/posts\/699","targetHints":{"allow":["GET"]}}],"collection":[{"href":"https:\/\/carrentalprague.cz\/cs\/wp-json\/wp\/v2\/posts"}],"about":[{"href":"https:\/\/carrentalprague.cz\/cs\/wp-json\/wp\/v2\/types\/post"}],"author":[{"embeddable":true,"href":"https:\/\/carrentalprague.cz\/cs\/wp-json\/wp\/v2\/users\/1"}],"replies":[{"embeddable":true,"href":"https:\/\/carrentalprague.cz\/cs\/wp-json\/wp\/v2\/comments?post=699"}],"version-history":[{"count":1,"href":"https:\/\/carrentalprague.cz\/cs\/wp-json\/wp\/v2\/posts\/699\/revisions"}],"predecessor-version":[{"id":700,"href":"https:\/\/carrentalprague.cz\/cs\/wp-json\/wp\/v2\/posts\/699\/revisions\/700"}],"wp:attachment":[{"href":"https:\/\/carrentalprague.cz\/cs\/wp-json\/wp\/v2\/media?parent=699"}],"wp:term":[{"taxonomy":"category","embeddable":true,"href":"https:\/\/carrentalprague.cz\/cs\/wp-json\/wp\/v2\/categories?post=699"},{"taxonomy":"post_tag","embeddable":true,"href":"https:\/\/carrentalprague.cz\/cs\/wp-json\/wp\/v2\/tags?post=699"}],"curies":[{"name":"wp","href":"https:\/\/api.w.org\/{rel}","templated":true}]}}