{"id":703,"date":"2014-07-01T15:57:32","date_gmt":"2014-07-01T13:57:32","guid":{"rendered":"https:\/\/carrentalprague.cz\/?p=703"},"modified":"2015-10-30T17:53:28","modified_gmt":"2015-10-30T16:53:28","slug":"nove-vozy-v-pujcovne-autopujcovna-nakoupila-9ti-mistne-vozy","status":"publish","type":"post","link":"https:\/\/carrentalprague.cz\/cs\/nove-vozy-v-pujcovne-autopujcovna-nakoupila-9ti-mistne-vozy\/","title":{"rendered":"Nov\u00e9 vozy v p\u016fj\u010dovn\u011b! Autop\u016fj\u010dovna nakoupila 9ti m\u00edstn\u00e9 vozy."},"content":{"rendered":"<p>Minibusy jsou pro 9 osob a zajist\u00ed komfortn\u00ed p\u0159epravu klimatizov\u00fdm v\u00edcem\u00edstn\u00fdm vozem po \u010cR, ale i do zahrani\u010d\u00ed.<\/p>\n<p>Autop\u016fj\u010dovna <a href=\"https:\/\/carrentalprague.cz\">ASAP Rent car, s.r.o.<\/a> nakoupila nov\u00e9 vozy Renault Trafic. Minibusy jsou pro 9 osob a zajist\u00ed komfortn\u00ed p\u0159epravu klimatizov\u00fdm v\u00edcem\u00edstn\u00fdm vozem po \u010cR, ale i do zahrani\u010d\u00ed.  https:\/\/carrentalprague.cz\/nove-vozy-v-pujcovne-autopujcovna-nakoupila-9ti-mistne-vozy\/ https:\/\/carrentalprague.cz\/nove-vozy-v-pujcovne-autopujcovna-nakoupila-9ti-mistne-vozy\/ https:\/\/carrentalprague.cz\/nove-vozy-v-pujcovne-autopujcovna-nakoupila-9ti-mistne-vozy\/P\u0159ipravujeme vozy na dal\u0161\u00ed sez\u00f3nu a nakupujeme nov\u00e9 vozy. Nov\u00fdm p\u0159\u00edr\u016fstkem autop\u016fj\u010dovny jsou dva minibusy pro 9 osob!<\/p>\n","protected":false},"excerpt":{"rendered":"<p>Minibusy jsou pro 9 osob a zajist\u00ed komfortn\u00ed p\u0159epravu klimatizov\u00fdm v\u00edcem\u00edstn\u00fdm vozem po \u010cR, ale i do zahrani\u010d\u00ed. Autop\u016fj\u010dovna ASAP Rent car, s.r.o. nakoupila nov\u00e9 vozy Renault Trafic. Minibusy jsou pro 9 osob a zajist\u00ed komfortn\u00ed p\u0159epravu klimatizov\u00fdm v\u00edcem\u00edstn\u00fdm vozem po \u010cR, ale i do zahrani\u010d\u00ed. https:\/\/carrentalprague.cz\/nove-vozy-v-pujcovne-autopujcovna-nakoupila-9ti-mistne-vozy\/ https:\/\/carrentalprague.cz\/nove-vozy-v-pujcovne-autopujcovna-nakoupila-9ti-mistne-vozy\/ https:\/\/carrentalprague.cz\/nove-vozy-v-pujcovne-autopujcovna-nakoupila-9ti-mistne-vozy\/P\u0159ipravujeme vozy na dal\u0161\u00ed sez\u00f3nu a nakupujeme [&hellip;]<\/p>\n","protected":false},"author":2,"featured_media":0,"comment_status":"closed","ping_status":"closed","sticky":false,"template":"","format":"standard","meta":{"_et_pb_use_builder":"","_et_pb_old_content":"","_et_gb_content_width":"","footnotes":""},"categories":[1],"tags":[],"class_list":["post-703","post","type-post","status-publish","format-standard","hentry","category-nezarazene"],"aioseo_notices":[],"_links":{"self":[{"href":"https:\/\/carrentalprague.cz\/cs\/wp-json\/wp\/v2\/posts\/703","targetHints":{"allow":["GET"]}}],"collection":[{"href":"https:\/\/carrentalprague.cz\/cs\/wp-json\/wp\/v2\/posts"}],"about":[{"href":"https:\/\/carrentalprague.cz\/cs\/wp-json\/wp\/v2\/types\/post"}],"author":[{"embeddable":true,"href":"https:\/\/carrentalprague.cz\/cs\/wp-json\/wp\/v2\/users\/2"}],"replies":[{"embeddable":true,"href":"https:\/\/carrentalprague.cz\/cs\/wp-json\/wp\/v2\/comments?post=703"}],"version-history":[{"count":1,"href":"https:\/\/carrentalprague.cz\/cs\/wp-json\/wp\/v2\/posts\/703\/revisions"}],"predecessor-version":[{"id":704,"href":"https:\/\/carrentalprague.cz\/cs\/wp-json\/wp\/v2\/posts\/703\/revisions\/704"}],"wp:attachment":[{"href":"https:\/\/carrentalprague.cz\/cs\/wp-json\/wp\/v2\/media?parent=703"}],"wp:term":[{"taxonomy":"category","embeddable":true,"href":"https:\/\/carrentalprague.cz\/cs\/wp-json\/wp\/v2\/categories?post=703"},{"taxonomy":"post_tag","embeddable":true,"href":"https:\/\/carrentalprague.cz\/cs\/wp-json\/wp\/v2\/tags?post=703"}],"curies":[{"name":"wp","href":"https:\/\/api.w.org\/{rel}","templated":true}]}}