{"id":722,"date":"2014-08-27T10:26:20","date_gmt":"2014-08-27T08:26:20","guid":{"rendered":"https:\/\/carrentalprague.cz\/?p=722"},"modified":"2015-10-01T23:04:48","modified_gmt":"2015-10-01T21:04:48","slug":"koupili-jsme-nove-vozy-skoda-octavia-combi-diesel","status":"publish","type":"post","link":"https:\/\/carrentalprague.cz\/cs\/koupili-jsme-nove-vozy-skoda-octavia-combi-diesel\/","title":{"rendered":"Koupili jsme nov\u00e9 vozy \u0160koda Octavia combi diesel."},"content":{"rendered":"<p>Vvozov\u00fd park autop\u016fj\u010dovny se rozrostl o nov\u00e9 vozy \u0160koda Octavia.<\/p>\n<p>Vozy v <a href=\"https:\/\/carrentalprague.cz\">autop\u016fj\u010dovn\u011b<\/a> jsou s dieselov\u00fdm motorem a ve verzi combi.<\/p>\n<p>&nbsp;<\/p>\n<p><a href=\"https:\/\/carrentalprague.cz\/wp-content\/uploads\/2014\/08\/20140801_110850.jpg\"><img loading=\"lazy\" decoding=\"async\" class=\"alignnone size-full wp-image-723\" alt=\"20140801_110850\" src=\"https:\/\/carrentalprague.cz\/wp-content\/uploads\/2014\/08\/20140801_110850.jpg\" width=\"2048\" height=\"1152\" srcset=\"https:\/\/carrentalprague.cz\/wp-content\/uploads\/2014\/08\/20140801_110850.jpg 2048w, https:\/\/carrentalprague.cz\/wp-content\/uploads\/2014\/08\/20140801_110850-300x168.jpg 300w, https:\/\/carrentalprague.cz\/wp-content\/uploads\/2014\/08\/20140801_110850-1024x576.jpg 1024w, https:\/\/carrentalprague.cz\/wp-content\/uploads\/2014\/08\/20140801_110850-900x506.jpg 900w\" sizes=\"(max-width: 2048px) 100vw, 2048px\" \/><\/a> <A href=\"http:\/\/www.fulmira.cz\/\" TITLE=\"www.fulmira.cz\" >\u00da\u010detnictv\u00ed<\/A><\/p>\n","protected":false},"excerpt":{"rendered":"<p>Vvozov\u00fd park autop\u016fj\u010dovny se rozrostl o nov\u00e9 vozy \u0160koda Octavia. Vozy v autop\u016fj\u010dovn\u011b jsou s dieselov\u00fdm motorem a ve verzi combi. &nbsp; \u00da\u010detnictv\u00ed<\/p>\n","protected":false},"author":2,"featured_media":0,"comment_status":"closed","ping_status":"closed","sticky":false,"template":"","format":"standard","meta":{"_et_pb_use_builder":"","_et_pb_old_content":"","_et_gb_content_width":"","footnotes":""},"categories":[1],"tags":[],"class_list":["post-722","post","type-post","status-publish","format-standard","hentry","category-nezarazene"],"aioseo_notices":[],"_links":{"self":[{"href":"https:\/\/carrentalprague.cz\/cs\/wp-json\/wp\/v2\/posts\/722","targetHints":{"allow":["GET"]}}],"collection":[{"href":"https:\/\/carrentalprague.cz\/cs\/wp-json\/wp\/v2\/posts"}],"about":[{"href":"https:\/\/carrentalprague.cz\/cs\/wp-json\/wp\/v2\/types\/post"}],"author":[{"embeddable":true,"href":"https:\/\/carrentalprague.cz\/cs\/wp-json\/wp\/v2\/users\/2"}],"replies":[{"embeddable":true,"href":"https:\/\/carrentalprague.cz\/cs\/wp-json\/wp\/v2\/comments?post=722"}],"version-history":[{"count":1,"href":"https:\/\/carrentalprague.cz\/cs\/wp-json\/wp\/v2\/posts\/722\/revisions"}],"predecessor-version":[{"id":724,"href":"https:\/\/carrentalprague.cz\/cs\/wp-json\/wp\/v2\/posts\/722\/revisions\/724"}],"wp:attachment":[{"href":"https:\/\/carrentalprague.cz\/cs\/wp-json\/wp\/v2\/media?parent=722"}],"wp:term":[{"taxonomy":"category","embeddable":true,"href":"https:\/\/carrentalprague.cz\/cs\/wp-json\/wp\/v2\/categories?post=722"},{"taxonomy":"post_tag","embeddable":true,"href":"https:\/\/carrentalprague.cz\/cs\/wp-json\/wp\/v2\/tags?post=722"}],"curies":[{"name":"wp","href":"https:\/\/api.w.org\/{rel}","templated":true}]}}